{"id":4736,"date":"2025-01-09T11:16:15","date_gmt":"2025-01-09T11:16:15","guid":{"rendered":"https:\/\/agita.coop\/forum-ciudades-defensoras-de-ddhh\/"},"modified":"2025-01-09T11:16:15","modified_gmt":"2025-01-09T11:16:15","slug":"forum-ciudades-defensoras-de-ddhh","status":"publish","type":"post","link":"https:\/\/agita.coop\/es\/forum-ciudades-defensoras-de-ddhh\/","title":{"rendered":"F\u00d3RUM, Ciudades Defensoras de DDHH"},"content":{"rendered":"","protected":false},"excerpt":{"rendered":"<p>Reportaje sobre este certamen anual, organizado por el Ayuntamiento de Esplugues de Llobregat, en el que convergen entidades y personas defensoras de Derechos Humanos locales e internacionales con j\u00f3venes de institutos de la localidad. Sensibilizaci\u00f3n y educaci\u00f3n a trav\u00e9s del arte y el testimonio directo.  <\/p>\n","protected":false},"author":2,"featured_media":4462,"comment_status":"closed","ping_status":"open","sticky":false,"template":"","format":"standard","meta":{"footnotes":""},"categories":[64],"tags":[],"class_list":["post-4736","post","type-post","status-publish","format-standard","has-post-thumbnail","hentry","category-audiovisuales"],"_links":{"self":[{"href":"https:\/\/agita.coop\/es\/wp-json\/wp\/v2\/posts\/4736","targetHints":{"allow":["GET"]}}],"collection":[{"href":"https:\/\/agita.coop\/es\/wp-json\/wp\/v2\/posts"}],"about":[{"href":"https:\/\/agita.coop\/es\/wp-json\/wp\/v2\/types\/post"}],"author":[{"embeddable":true,"href":"https:\/\/agita.coop\/es\/wp-json\/wp\/v2\/users\/2"}],"replies":[{"embeddable":true,"href":"https:\/\/agita.coop\/es\/wp-json\/wp\/v2\/comments?post=4736"}],"version-history":[{"count":0,"href":"https:\/\/agita.coop\/es\/wp-json\/wp\/v2\/posts\/4736\/revisions"}],"wp:featuredmedia":[{"embeddable":true,"href":"https:\/\/agita.coop\/es\/wp-json\/wp\/v2\/media\/4462"}],"wp:attachment":[{"href":"https:\/\/agita.coop\/es\/wp-json\/wp\/v2\/media?parent=4736"}],"wp:term":[{"taxonomy":"category","embeddable":true,"href":"https:\/\/agita.coop\/es\/wp-json\/wp\/v2\/categories?post=4736"},{"taxonomy":"post_tag","embeddable":true,"href":"https:\/\/agita.coop\/es\/wp-json\/wp\/v2\/tags?post=4736"}],"curies":[{"name":"wp","href":"https:\/\/api.w.org\/{rel}","templated":true}]}}