{"id":4728,"date":"2025-02-24T16:06:07","date_gmt":"2025-02-24T16:06:07","guid":{"rendered":"https:\/\/agita.coop\/el-nuevo-camino-de-agita\/"},"modified":"2025-02-26T16:18:27","modified_gmt":"2025-02-26T16:18:27","slug":"el-nuevo-camino-de-agita","status":"publish","type":"post","link":"https:\/\/agita.coop\/es\/el-nuevo-camino-de-agita\/","title":{"rendered":"El nuevo camino de Agita"},"content":{"rendered":"\n<h2 class=\"wp-block-heading\">Este 2025 afrontamos un nuevo reto: el rebranding -o la actualizaci\u00f3n de la marca- Agitaci\u00f3nNet. Despu\u00e9s de m\u00e1s de 15 a\u00f1os de trayectoria como cooperativa, necesit\u00e1bamos un cambio que visibilizara la evoluci\u00f3n de nuestros valores, especialmente los que compartimos con la Econom\u00eda Social y Solidaria -ESS-. <\/h2>\n\n<div style=\"height:22px\" aria-hidden=\"true\" class=\"wp-block-spacer\"><\/div>\n\n<p>Les motivaciones m\u00e1s importantes que nos han llevado a emprender este cambio han sido:<\/p>\n\n<ul class=\"wp-block-list\">\n<li>Reforzar nuestro posicionamiento en el mundo del cooperativismo.<br\/><\/li>\n\n\n\n<li>Transmitir un lenguaje visual inclusivo y accesible. Recientemente hemos incorporado nuevas socias, nuevas colaboradoras y nuevos proyectos centrados en la ESS. Lo hemos hecho para mejorar nuestros servicios, sentirnos c\u00f3modas, pero, sobre todo, para mejorar el bienestar de las personas usuarias que hacen uso de ellos.  <\/li>\n<\/ul>\n\n<h3 class=\"wp-block-heading\">Un nuevo impulso para nuestra identidad.<\/h3>\n\n<p>Como responsable del \u00e1rea de dise\u00f1o, el reto en el que me vi implicado consisti\u00f3 en redefinir toda la identidad gr\u00e1fica y digital de la nueva marca: <em><strong>Agita<\/strong><\/em>.<\/p>\n\n<p>El logo ha sido uno de los cambios m\u00e1s significativos, ya que representa nuestra firma. Como cooperativa en pleno proceso de transformaci\u00f3n, el logo debe transmitir un impulso hacia adelante. \u00bfC\u00f3mo se ha hecho? Se ha trabajado con una tipograf\u00eda consistente y limpia, utilizando como base la familia The Future, se han trabajado las formas para otorgarle un doble dinamismo: el que representa nuestros valores y el propio nombre de la marca \u201cAgita\u201d.   <\/p>\n\n<p>Y del detalle del logo, saltamos a la transversalidad de toda una web donde visitar la nueva imagen digital: <a href=\"https:\/\/agita.coop\/es\/\">www.agita.coop<\/a>. Esta direcci\u00f3n -URL- nos conduce por el camino donde se fusionan los dos mundos del dise\u00f1o: el puramente gr\u00e1fico y el digital. <\/p>\n\n<p>Este producto digital se ha dise\u00f1ado con una nueva experiencia de navegaci\u00f3n para las personas usuarias, mejorada respecto a la versi\u00f3n anterior. Hecha a medida con criterios de accesibilidad, el uso de espacios en blanco aporta legibilidad y refuerza el mensaje visual, mientras que los elementos multimedia y las microinteracciones a\u00f1aden dinamismo sin sobrecargar la experiencia. A nivel de experiencia de usuario (UX), la navegaci\u00f3n es fluida gracias a una estructura clara y una distribuci\u00f3n equilibrada de los elementos.  <\/p>\n\n<p>Este conjunto, la parte gr\u00e1fica del logo y la parte digital de nuestra web, nos permite hablar de un branding consolidado y robusto de la marca.<\/p>\n\n<h3 class=\"wp-block-heading\">Proceso colectivo<\/h3>\n\n<p>Despu\u00e9s de meses de trabajo, de forma colectiva, con las socias Judit, encargada de los copys, y Juan Carlos, en lo que respecta a la jerarqu\u00eda de contenidos, muchas, muchas reuniones y caf\u00e9s, nos hemos puesto de acuerdo \u2014porque querer visibilizar todo lo que representa el trabajo diario de tres personas dentro del dise\u00f1o de una marca, no es una tarea f\u00e1cil\u2014. Por eso, hoy estamos muy contentas de poder presentaros nuestra nueva casa y seguir formando parte de vuestro camino. Esperamos que os sint\u00e1is a gusto y que todas las personas que vengan a conocer nuestro proyecto se sientan bienvenidas. <\/p>\n\n<p>\u00a1Gracias por acompa\u00f1arnos en esta nueva etapa que comenzamos con m\u00e1s fuerza e ilusi\u00f3n que nunca!<\/p>\n\n<div class=\"wp-block-columns is-layout-flex wp-container-core-columns-is-layout-9d6595d7 wp-block-columns-is-layout-flex\">\n<div class=\"wp-block-column is-layout-flow wp-block-column-is-layout-flow\">\n<figure class=\"wp-block-video\"><video height=\"1080\" style=\"aspect-ratio: 1080 \/ 1080;\" width=\"1080\" autoplay=\"\" controls=\"\" loop=\"\" muted=\"\" src=\"https:\/\/agita.coop\/wp-content\/uploads\/2025\/02\/web-agita-compress.mp4\"><\/video><\/figure>\n<\/div>\n<\/div>\n","protected":false},"excerpt":{"rendered":"<p>Este 2025 afrontamos un nuevo reto: el rebranding -o la actualizaci\u00f3n de la marca- Agitaci\u00f3nNet. Despu\u00e9s de m\u00e1s de 15 a\u00f1os de trayectoria como cooperativa, necesit\u00e1bamos un cambio que visibilizara la evoluci\u00f3n de nuestros valores, especialmente los que compartimos con la Econom\u00eda Social y Solidaria -ESS-. Les motivaciones m\u00e1s importantes que nos han llevado a [&hellip;]<\/p>\n","protected":false},"author":1,"featured_media":4683,"comment_status":"open","ping_status":"open","sticky":false,"template":"","format":"standard","meta":{"footnotes":""},"categories":[53],"tags":[54,55,57,56],"class_list":["post-4728","post","type-post","status-publish","format-standard","has-post-thumbnail","hentry","category-blog","tag-bienvenida","tag-diseno-grafico","tag-logotipo","tag-marca-es"],"_links":{"self":[{"href":"https:\/\/agita.coop\/es\/wp-json\/wp\/v2\/posts\/4728","targetHints":{"allow":["GET"]}}],"collection":[{"href":"https:\/\/agita.coop\/es\/wp-json\/wp\/v2\/posts"}],"about":[{"href":"https:\/\/agita.coop\/es\/wp-json\/wp\/v2\/types\/post"}],"author":[{"embeddable":true,"href":"https:\/\/agita.coop\/es\/wp-json\/wp\/v2\/users\/1"}],"replies":[{"embeddable":true,"href":"https:\/\/agita.coop\/es\/wp-json\/wp\/v2\/comments?post=4728"}],"version-history":[{"count":1,"href":"https:\/\/agita.coop\/es\/wp-json\/wp\/v2\/posts\/4728\/revisions"}],"predecessor-version":[{"id":4729,"href":"https:\/\/agita.coop\/es\/wp-json\/wp\/v2\/posts\/4728\/revisions\/4729"}],"wp:featuredmedia":[{"embeddable":true,"href":"https:\/\/agita.coop\/es\/wp-json\/wp\/v2\/media\/4683"}],"wp:attachment":[{"href":"https:\/\/agita.coop\/es\/wp-json\/wp\/v2\/media?parent=4728"}],"wp:term":[{"taxonomy":"category","embeddable":true,"href":"https:\/\/agita.coop\/es\/wp-json\/wp\/v2\/categories?post=4728"},{"taxonomy":"post_tag","embeddable":true,"href":"https:\/\/agita.coop\/es\/wp-json\/wp\/v2\/tags?post=4728"}],"curies":[{"name":"wp","href":"https:\/\/api.w.org\/{rel}","templated":true}]}}